{"id":1135,"date":"2025-10-20T09:42:39","date_gmt":"2025-10-20T07:42:39","guid":{"rendered":"https:\/\/laroutourne08.com\/?p=1135"},"modified":"2025-10-20T09:44:04","modified_gmt":"2025-10-20T07:44:04","slug":"mobilite-et-insertion-la-routourne-bien-plus-quune-roue-de-secours","status":"publish","type":"post","link":"https:\/\/laroutourne08.com\/index.php\/2025\/10\/20\/mobilite-et-insertion-la-routourne-bien-plus-quune-roue-de-secours\/","title":{"rendered":"Mobilit\u00e9 et insertion\u202f: La\u00a0Routourne, bien plus qu\u2019une\u00a0roue de\u00a0secours"},"content":{"rendered":"\t\t<div data-elementor-type=\"wp-post\" data-elementor-id=\"1135\" class=\"elementor elementor-1135\" data-elementor-post-type=\"post\">\n\t\t\t\t<div class=\"elementor-element elementor-element-55b38b4 e-flex e-con-boxed e-con e-parent\" data-id=\"55b38b4\" data-element_type=\"container\" data-e-type=\"container\">\n\t\t\t\t\t<div class=\"e-con-inner\">\n\t\t\t\t<div class=\"elementor-element elementor-element-7b430ad elementor-widget-divider--view-line elementor-widget elementor-widget-divider\" data-id=\"7b430ad\" data-element_type=\"widget\" data-e-type=\"widget\" data-widget_type=\"divider.default\">\n\t\t\t\t<div class=\"elementor-widget-container\">\n\t\t\t\t\t\t\t<div class=\"elementor-divider\">\n\t\t\t<span class=\"elementor-divider-separator\">\n\t\t\t\t\t\t<\/span>\n\t\t<\/div>\n\t\t\t\t\t\t<\/div>\n\t\t\t\t<\/div>\n\t\t\t\t\t<\/div>\n\t\t\t\t<\/div>\n\t\t<div class=\"elementor-element elementor-element-0055ac4 e-flex e-con-boxed e-con e-parent\" data-id=\"0055ac4\" data-element_type=\"container\" data-e-type=\"container\">\n\t\t\t\t\t<div class=\"e-con-inner\">\n\t\t\t\t<div class=\"elementor-element elementor-element-5ae766f elementor-widget elementor-widget-text-editor\" data-id=\"5ae766f\" data-element_type=\"widget\" data-e-type=\"widget\" data-widget_type=\"text-editor.default\">\n\t\t\t\t<div class=\"elementor-widget-container\">\n\t\t\t\t\t\t\t\t\t<p>\u00c0 Vouziers, dans les Ardennes, priv\u00e9e de gare depuis 1969 et \u00e9loign\u00e9e des grandes villes, La Routourne change la donne. Cette association d\u2019insertion par le travail, soutenue par la MSA Marne Ardennes Meuse, accompagne les habitants \u00e9loign\u00e9s de l\u2019emploi et d\u00e9veloppe des solutions de mobilit\u00e9 \u00e0 taille humaine pour dynamiser la vie locale&#8230;<\/p><p><strong><a href=\"https:\/\/lebimsa.fr\/l-actu-des-territoires\/ardennes-mobilite-insertion-la-routourne-bien-plus-qu-une-roue-de-secours-garage-velo-emploi\/?fbclid=IwY2xjawNixQxleHRuA2FlbQIxMQABHmcTo67W8gdxpuBLZmdSAdsIp0WCj8oDSlwysLbdIICS3sKFaoh8SvMhK_Us_aem_1ONykoILWRPwpw-FHaiRJw\">ARTICLE COMPLET<\/a><\/strong><\/p>\t\t\t\t\t\t\t\t<\/div>\n\t\t\t\t<\/div>\n\t\t\t\t\t<\/div>\n\t\t\t\t<\/div>\n\t\t\t\t<\/div>\n\t\t","protected":false},"excerpt":{"rendered":"<p>\u00c0 Vouziers, dans les Ardennes, priv\u00e9e de gare depuis 1969 et \u00e9loign\u00e9e des grandes villes,<\/p>\n","protected":false},"author":1,"featured_media":1136,"comment_status":"closed","ping_status":"closed","sticky":false,"template":"","format":"standard","meta":{"footnotes":""},"categories":[1],"tags":[],"class_list":["post-1135","post","type-post","status-publish","format-standard","has-post-thumbnail","hentry","category-actualites"],"yoast_head":"<!-- This site is optimized with the Yoast SEO plugin v27.3 - https:\/\/yoast.com\/product\/yoast-seo-wordpress\/ -->\n<title>Mobilit\u00e9 et insertion\u202f: La\u00a0Routourne, bien plus qu\u2019une\u00a0roue de\u00a0secours - La Routourne<\/title>\n<meta name=\"robots\" content=\"index, follow, max-snippet:-1, max-image-preview:large, max-video-preview:-1\" \/>\n<link rel=\"canonical\" href=\"https:\/\/laroutourne08.com\/index.php\/2025\/10\/20\/mobilite-et-insertion-la-routourne-bien-plus-quune-roue-de-secours\/\" \/>\n<meta property=\"og:locale\" content=\"fr_FR\" \/>\n<meta property=\"og:type\" content=\"article\" \/>\n<meta property=\"og:title\" content=\"Mobilit\u00e9 et insertion\u202f: La\u00a0Routourne, bien plus qu\u2019une\u00a0roue de\u00a0secours - La Routourne\" \/>\n<meta property=\"og:description\" content=\"\u00c0 Vouziers, dans les Ardennes, priv\u00e9e de gare depuis 1969 et \u00e9loign\u00e9e des grandes villes,\" \/>\n<meta property=\"og:url\" content=\"https:\/\/laroutourne08.com\/index.php\/2025\/10\/20\/mobilite-et-insertion-la-routourne-bien-plus-quune-roue-de-secours\/\" \/>\n<meta property=\"og:site_name\" content=\"La Routourne\" \/>\n<meta property=\"article:published_time\" content=\"2025-10-20T07:42:39+00:00\" \/>\n<meta property=\"article:modified_time\" content=\"2025-10-20T07:44:04+00:00\" \/>\n<meta property=\"og:image\" content=\"https:\/\/laroutourne08.com\/wp-content\/uploads\/2025\/10\/WD-de-la-Routourne-Actu-articles-8-1024x768.png\" \/>\n\t<meta property=\"og:image:width\" content=\"1024\" \/>\n\t<meta property=\"og:image:height\" content=\"768\" \/>\n\t<meta property=\"og:image:type\" content=\"image\/png\" \/>\n<meta name=\"author\" content=\"admin8606\" \/>\n<meta name=\"twitter:card\" content=\"summary_large_image\" \/>\n<meta name=\"twitter:label1\" content=\"\u00c9crit par\" \/>\n\t<meta name=\"twitter:data1\" content=\"admin8606\" \/>\n\t<meta name=\"twitter:label2\" content=\"Dur\u00e9e de lecture estim\u00e9e\" \/>\n\t<meta name=\"twitter:data2\" content=\"1 minute\" \/>\n<script type=\"application\/ld+json\" class=\"yoast-schema-graph\">{\"@context\":\"https:\\\/\\\/schema.org\",\"@graph\":[{\"@type\":\"Article\",\"@id\":\"https:\\\/\\\/laroutourne08.com\\\/index.php\\\/2025\\\/10\\\/20\\\/mobilite-et-insertion-la-routourne-bien-plus-quune-roue-de-secours\\\/#article\",\"isPartOf\":{\"@id\":\"https:\\\/\\\/laroutourne08.com\\\/index.php\\\/2025\\\/10\\\/20\\\/mobilite-et-insertion-la-routourne-bien-plus-quune-roue-de-secours\\\/\"},\"author\":{\"name\":\"admin8606\",\"@id\":\"https:\\\/\\\/laroutourne08.com\\\/#\\\/schema\\\/person\\\/6c5934360296e154f89466fb7ab27092\"},\"headline\":\"Mobilit\u00e9 et insertion\u202f: La\u00a0Routourne, bien plus qu\u2019une\u00a0roue de\u00a0secours\",\"datePublished\":\"2025-10-20T07:42:39+00:00\",\"dateModified\":\"2025-10-20T07:44:04+00:00\",\"mainEntityOfPage\":{\"@id\":\"https:\\\/\\\/laroutourne08.com\\\/index.php\\\/2025\\\/10\\\/20\\\/mobilite-et-insertion-la-routourne-bien-plus-quune-roue-de-secours\\\/\"},\"wordCount\":70,\"publisher\":{\"@id\":\"https:\\\/\\\/laroutourne08.com\\\/#organization\"},\"image\":{\"@id\":\"https:\\\/\\\/laroutourne08.com\\\/index.php\\\/2025\\\/10\\\/20\\\/mobilite-et-insertion-la-routourne-bien-plus-quune-roue-de-secours\\\/#primaryimage\"},\"thumbnailUrl\":\"https:\\\/\\\/laroutourne08.com\\\/wp-content\\\/uploads\\\/2025\\\/10\\\/WD-de-la-Routourne-Actu-articles-8.png\",\"articleSection\":[\"Actu' !\"],\"inLanguage\":\"fr-FR\"},{\"@type\":\"WebPage\",\"@id\":\"https:\\\/\\\/laroutourne08.com\\\/index.php\\\/2025\\\/10\\\/20\\\/mobilite-et-insertion-la-routourne-bien-plus-quune-roue-de-secours\\\/\",\"url\":\"https:\\\/\\\/laroutourne08.com\\\/index.php\\\/2025\\\/10\\\/20\\\/mobilite-et-insertion-la-routourne-bien-plus-quune-roue-de-secours\\\/\",\"name\":\"Mobilit\u00e9 et insertion\u202f: La\u00a0Routourne, bien plus qu\u2019une\u00a0roue de\u00a0secours - La Routourne\",\"isPartOf\":{\"@id\":\"https:\\\/\\\/laroutourne08.com\\\/#website\"},\"primaryImageOfPage\":{\"@id\":\"https:\\\/\\\/laroutourne08.com\\\/index.php\\\/2025\\\/10\\\/20\\\/mobilite-et-insertion-la-routourne-bien-plus-quune-roue-de-secours\\\/#primaryimage\"},\"image\":{\"@id\":\"https:\\\/\\\/laroutourne08.com\\\/index.php\\\/2025\\\/10\\\/20\\\/mobilite-et-insertion-la-routourne-bien-plus-quune-roue-de-secours\\\/#primaryimage\"},\"thumbnailUrl\":\"https:\\\/\\\/laroutourne08.com\\\/wp-content\\\/uploads\\\/2025\\\/10\\\/WD-de-la-Routourne-Actu-articles-8.png\",\"datePublished\":\"2025-10-20T07:42:39+00:00\",\"dateModified\":\"2025-10-20T07:44:04+00:00\",\"breadcrumb\":{\"@id\":\"https:\\\/\\\/laroutourne08.com\\\/index.php\\\/2025\\\/10\\\/20\\\/mobilite-et-insertion-la-routourne-bien-plus-quune-roue-de-secours\\\/#breadcrumb\"},\"inLanguage\":\"fr-FR\",\"potentialAction\":[{\"@type\":\"ReadAction\",\"target\":[\"https:\\\/\\\/laroutourne08.com\\\/index.php\\\/2025\\\/10\\\/20\\\/mobilite-et-insertion-la-routourne-bien-plus-quune-roue-de-secours\\\/\"]}]},{\"@type\":\"ImageObject\",\"inLanguage\":\"fr-FR\",\"@id\":\"https:\\\/\\\/laroutourne08.com\\\/index.php\\\/2025\\\/10\\\/20\\\/mobilite-et-insertion-la-routourne-bien-plus-quune-roue-de-secours\\\/#primaryimage\",\"url\":\"https:\\\/\\\/laroutourne08.com\\\/wp-content\\\/uploads\\\/2025\\\/10\\\/WD-de-la-Routourne-Actu-articles-8.png\",\"contentUrl\":\"https:\\\/\\\/laroutourne08.com\\\/wp-content\\\/uploads\\\/2025\\\/10\\\/WD-de-la-Routourne-Actu-articles-8.png\",\"width\":1600,\"height\":1200},{\"@type\":\"BreadcrumbList\",\"@id\":\"https:\\\/\\\/laroutourne08.com\\\/index.php\\\/2025\\\/10\\\/20\\\/mobilite-et-insertion-la-routourne-bien-plus-quune-roue-de-secours\\\/#breadcrumb\",\"itemListElement\":[{\"@type\":\"ListItem\",\"position\":1,\"name\":\"Accueil\",\"item\":\"https:\\\/\\\/laroutourne08.com\\\/\"},{\"@type\":\"ListItem\",\"position\":2,\"name\":\"Mobilit\u00e9 et insertion\u202f: La\u00a0Routourne, bien plus qu\u2019une\u00a0roue de\u00a0secours\"}]},{\"@type\":\"WebSite\",\"@id\":\"https:\\\/\\\/laroutourne08.com\\\/#website\",\"url\":\"https:\\\/\\\/laroutourne08.com\\\/\",\"name\":\"La Routourne\",\"description\":\"Association bas\u00e9e \u00e0 Vouziers\",\"publisher\":{\"@id\":\"https:\\\/\\\/laroutourne08.com\\\/#organization\"},\"potentialAction\":[{\"@type\":\"SearchAction\",\"target\":{\"@type\":\"EntryPoint\",\"urlTemplate\":\"https:\\\/\\\/laroutourne08.com\\\/?s={search_term_string}\"},\"query-input\":{\"@type\":\"PropertyValueSpecification\",\"valueRequired\":true,\"valueName\":\"search_term_string\"}}],\"inLanguage\":\"fr-FR\"},{\"@type\":\"Organization\",\"@id\":\"https:\\\/\\\/laroutourne08.com\\\/#organization\",\"name\":\"La Routourne\",\"url\":\"https:\\\/\\\/laroutourne08.com\\\/\",\"logo\":{\"@type\":\"ImageObject\",\"inLanguage\":\"fr-FR\",\"@id\":\"https:\\\/\\\/laroutourne08.com\\\/#\\\/schema\\\/logo\\\/image\\\/\",\"url\":\"https:\\\/\\\/laroutourne08.com\\\/wp-content\\\/uploads\\\/2024\\\/02\\\/cropped-2.png\",\"contentUrl\":\"https:\\\/\\\/laroutourne08.com\\\/wp-content\\\/uploads\\\/2024\\\/02\\\/cropped-2.png\",\"width\":200,\"height\":200,\"caption\":\"La Routourne\"},\"image\":{\"@id\":\"https:\\\/\\\/laroutourne08.com\\\/#\\\/schema\\\/logo\\\/image\\\/\"}},{\"@type\":\"Person\",\"@id\":\"https:\\\/\\\/laroutourne08.com\\\/#\\\/schema\\\/person\\\/6c5934360296e154f89466fb7ab27092\",\"name\":\"admin8606\",\"image\":{\"@type\":\"ImageObject\",\"inLanguage\":\"fr-FR\",\"@id\":\"https:\\\/\\\/secure.gravatar.com\\\/avatar\\\/b63c8ef1229cdcae8eb83b9e07571a7c656b2570fd7a69f9f906f2231c434199?s=96&d=mm&r=g\",\"url\":\"https:\\\/\\\/secure.gravatar.com\\\/avatar\\\/b63c8ef1229cdcae8eb83b9e07571a7c656b2570fd7a69f9f906f2231c434199?s=96&d=mm&r=g\",\"contentUrl\":\"https:\\\/\\\/secure.gravatar.com\\\/avatar\\\/b63c8ef1229cdcae8eb83b9e07571a7c656b2570fd7a69f9f906f2231c434199?s=96&d=mm&r=g\",\"caption\":\"admin8606\"},\"sameAs\":[\"http:\\\/\\\/laroutv.cluster028.hosting.ovh.net\"],\"url\":\"https:\\\/\\\/laroutourne08.com\\\/index.php\\\/author\\\/admin8606\\\/\"}]}<\/script>\n<!-- \/ Yoast SEO plugin. -->","yoast_head_json":{"title":"Mobilit\u00e9 et insertion\u202f: La\u00a0Routourne, bien plus qu\u2019une\u00a0roue de\u00a0secours - La Routourne","robots":{"index":"index","follow":"follow","max-snippet":"max-snippet:-1","max-image-preview":"max-image-preview:large","max-video-preview":"max-video-preview:-1"},"canonical":"https:\/\/laroutourne08.com\/index.php\/2025\/10\/20\/mobilite-et-insertion-la-routourne-bien-plus-quune-roue-de-secours\/","og_locale":"fr_FR","og_type":"article","og_title":"Mobilit\u00e9 et insertion\u202f: La\u00a0Routourne, bien plus qu\u2019une\u00a0roue de\u00a0secours - La Routourne","og_description":"\u00c0 Vouziers, dans les Ardennes, priv\u00e9e de gare depuis 1969 et \u00e9loign\u00e9e des grandes villes,","og_url":"https:\/\/laroutourne08.com\/index.php\/2025\/10\/20\/mobilite-et-insertion-la-routourne-bien-plus-quune-roue-de-secours\/","og_site_name":"La Routourne","article_published_time":"2025-10-20T07:42:39+00:00","article_modified_time":"2025-10-20T07:44:04+00:00","og_image":[{"width":1024,"height":768,"url":"https:\/\/laroutourne08.com\/wp-content\/uploads\/2025\/10\/WD-de-la-Routourne-Actu-articles-8-1024x768.png","type":"image\/png"}],"author":"admin8606","twitter_card":"summary_large_image","twitter_misc":{"\u00c9crit par":"admin8606","Dur\u00e9e de lecture estim\u00e9e":"1 minute"},"schema":{"@context":"https:\/\/schema.org","@graph":[{"@type":"Article","@id":"https:\/\/laroutourne08.com\/index.php\/2025\/10\/20\/mobilite-et-insertion-la-routourne-bien-plus-quune-roue-de-secours\/#article","isPartOf":{"@id":"https:\/\/laroutourne08.com\/index.php\/2025\/10\/20\/mobilite-et-insertion-la-routourne-bien-plus-quune-roue-de-secours\/"},"author":{"name":"admin8606","@id":"https:\/\/laroutourne08.com\/#\/schema\/person\/6c5934360296e154f89466fb7ab27092"},"headline":"Mobilit\u00e9 et insertion\u202f: La\u00a0Routourne, bien plus qu\u2019une\u00a0roue de\u00a0secours","datePublished":"2025-10-20T07:42:39+00:00","dateModified":"2025-10-20T07:44:04+00:00","mainEntityOfPage":{"@id":"https:\/\/laroutourne08.com\/index.php\/2025\/10\/20\/mobilite-et-insertion-la-routourne-bien-plus-quune-roue-de-secours\/"},"wordCount":70,"publisher":{"@id":"https:\/\/laroutourne08.com\/#organization"},"image":{"@id":"https:\/\/laroutourne08.com\/index.php\/2025\/10\/20\/mobilite-et-insertion-la-routourne-bien-plus-quune-roue-de-secours\/#primaryimage"},"thumbnailUrl":"https:\/\/laroutourne08.com\/wp-content\/uploads\/2025\/10\/WD-de-la-Routourne-Actu-articles-8.png","articleSection":["Actu' !"],"inLanguage":"fr-FR"},{"@type":"WebPage","@id":"https:\/\/laroutourne08.com\/index.php\/2025\/10\/20\/mobilite-et-insertion-la-routourne-bien-plus-quune-roue-de-secours\/","url":"https:\/\/laroutourne08.com\/index.php\/2025\/10\/20\/mobilite-et-insertion-la-routourne-bien-plus-quune-roue-de-secours\/","name":"Mobilit\u00e9 et insertion\u202f: La\u00a0Routourne, bien plus qu\u2019une\u00a0roue de\u00a0secours - La Routourne","isPartOf":{"@id":"https:\/\/laroutourne08.com\/#website"},"primaryImageOfPage":{"@id":"https:\/\/laroutourne08.com\/index.php\/2025\/10\/20\/mobilite-et-insertion-la-routourne-bien-plus-quune-roue-de-secours\/#primaryimage"},"image":{"@id":"https:\/\/laroutourne08.com\/index.php\/2025\/10\/20\/mobilite-et-insertion-la-routourne-bien-plus-quune-roue-de-secours\/#primaryimage"},"thumbnailUrl":"https:\/\/laroutourne08.com\/wp-content\/uploads\/2025\/10\/WD-de-la-Routourne-Actu-articles-8.png","datePublished":"2025-10-20T07:42:39+00:00","dateModified":"2025-10-20T07:44:04+00:00","breadcrumb":{"@id":"https:\/\/laroutourne08.com\/index.php\/2025\/10\/20\/mobilite-et-insertion-la-routourne-bien-plus-quune-roue-de-secours\/#breadcrumb"},"inLanguage":"fr-FR","potentialAction":[{"@type":"ReadAction","target":["https:\/\/laroutourne08.com\/index.php\/2025\/10\/20\/mobilite-et-insertion-la-routourne-bien-plus-quune-roue-de-secours\/"]}]},{"@type":"ImageObject","inLanguage":"fr-FR","@id":"https:\/\/laroutourne08.com\/index.php\/2025\/10\/20\/mobilite-et-insertion-la-routourne-bien-plus-quune-roue-de-secours\/#primaryimage","url":"https:\/\/laroutourne08.com\/wp-content\/uploads\/2025\/10\/WD-de-la-Routourne-Actu-articles-8.png","contentUrl":"https:\/\/laroutourne08.com\/wp-content\/uploads\/2025\/10\/WD-de-la-Routourne-Actu-articles-8.png","width":1600,"height":1200},{"@type":"BreadcrumbList","@id":"https:\/\/laroutourne08.com\/index.php\/2025\/10\/20\/mobilite-et-insertion-la-routourne-bien-plus-quune-roue-de-secours\/#breadcrumb","itemListElement":[{"@type":"ListItem","position":1,"name":"Accueil","item":"https:\/\/laroutourne08.com\/"},{"@type":"ListItem","position":2,"name":"Mobilit\u00e9 et insertion\u202f: La\u00a0Routourne, bien plus qu\u2019une\u00a0roue de\u00a0secours"}]},{"@type":"WebSite","@id":"https:\/\/laroutourne08.com\/#website","url":"https:\/\/laroutourne08.com\/","name":"La Routourne","description":"Association bas\u00e9e \u00e0 Vouziers","publisher":{"@id":"https:\/\/laroutourne08.com\/#organization"},"potentialAction":[{"@type":"SearchAction","target":{"@type":"EntryPoint","urlTemplate":"https:\/\/laroutourne08.com\/?s={search_term_string}"},"query-input":{"@type":"PropertyValueSpecification","valueRequired":true,"valueName":"search_term_string"}}],"inLanguage":"fr-FR"},{"@type":"Organization","@id":"https:\/\/laroutourne08.com\/#organization","name":"La Routourne","url":"https:\/\/laroutourne08.com\/","logo":{"@type":"ImageObject","inLanguage":"fr-FR","@id":"https:\/\/laroutourne08.com\/#\/schema\/logo\/image\/","url":"https:\/\/laroutourne08.com\/wp-content\/uploads\/2024\/02\/cropped-2.png","contentUrl":"https:\/\/laroutourne08.com\/wp-content\/uploads\/2024\/02\/cropped-2.png","width":200,"height":200,"caption":"La Routourne"},"image":{"@id":"https:\/\/laroutourne08.com\/#\/schema\/logo\/image\/"}},{"@type":"Person","@id":"https:\/\/laroutourne08.com\/#\/schema\/person\/6c5934360296e154f89466fb7ab27092","name":"admin8606","image":{"@type":"ImageObject","inLanguage":"fr-FR","@id":"https:\/\/secure.gravatar.com\/avatar\/b63c8ef1229cdcae8eb83b9e07571a7c656b2570fd7a69f9f906f2231c434199?s=96&d=mm&r=g","url":"https:\/\/secure.gravatar.com\/avatar\/b63c8ef1229cdcae8eb83b9e07571a7c656b2570fd7a69f9f906f2231c434199?s=96&d=mm&r=g","contentUrl":"https:\/\/secure.gravatar.com\/avatar\/b63c8ef1229cdcae8eb83b9e07571a7c656b2570fd7a69f9f906f2231c434199?s=96&d=mm&r=g","caption":"admin8606"},"sameAs":["http:\/\/laroutv.cluster028.hosting.ovh.net"],"url":"https:\/\/laroutourne08.com\/index.php\/author\/admin8606\/"}]}},"_links":{"self":[{"href":"https:\/\/laroutourne08.com\/index.php\/wp-json\/wp\/v2\/posts\/1135","targetHints":{"allow":["GET"]}}],"collection":[{"href":"https:\/\/laroutourne08.com\/index.php\/wp-json\/wp\/v2\/posts"}],"about":[{"href":"https:\/\/laroutourne08.com\/index.php\/wp-json\/wp\/v2\/types\/post"}],"author":[{"embeddable":true,"href":"https:\/\/laroutourne08.com\/index.php\/wp-json\/wp\/v2\/users\/1"}],"replies":[{"embeddable":true,"href":"https:\/\/laroutourne08.com\/index.php\/wp-json\/wp\/v2\/comments?post=1135"}],"version-history":[{"count":10,"href":"https:\/\/laroutourne08.com\/index.php\/wp-json\/wp\/v2\/posts\/1135\/revisions"}],"predecessor-version":[{"id":1146,"href":"https:\/\/laroutourne08.com\/index.php\/wp-json\/wp\/v2\/posts\/1135\/revisions\/1146"}],"wp:featuredmedia":[{"embeddable":true,"href":"https:\/\/laroutourne08.com\/index.php\/wp-json\/wp\/v2\/media\/1136"}],"wp:attachment":[{"href":"https:\/\/laroutourne08.com\/index.php\/wp-json\/wp\/v2\/media?parent=1135"}],"wp:term":[{"taxonomy":"category","embeddable":true,"href":"https:\/\/laroutourne08.com\/index.php\/wp-json\/wp\/v2\/categories?post=1135"},{"taxonomy":"post_tag","embeddable":true,"href":"https:\/\/laroutourne08.com\/index.php\/wp-json\/wp\/v2\/tags?post=1135"}],"curies":[{"name":"wp","href":"https:\/\/api.w.org\/{rel}","templated":true}]}}